{"id":1761,"date":"2023-03-21T19:44:07","date_gmt":"2023-03-21T18:44:07","guid":{"rendered":"https:\/\/pm-advokatfirma.dk\/?p=1761"},"modified":"2023-03-28T19:45:54","modified_gmt":"2023-03-28T17:45:54","slug":"alert-ny-afgoerelse-af-eu-domstolen-i-emissionsskandalen","status":"publish","type":"post","link":"https:\/\/pm-advokatfirma.dk\/da\/alert-ny-afgoerelse-af-eu-domstolen-i-emissionsskandalen\/","title":{"rendered":"Alert: Ny afg\u00f8relse af EU-Domstolen i Emissionsskandalen"},"content":{"rendered":"<div class=\"wpb-content-wrapper\"><p>[vc_row row_height_percent=&#8221;0&#8243; override_padding=&#8221;yes&#8221; h_padding=&#8221;2&#8243; top_padding=&#8221;5&#8243; bottom_padding=&#8221;5&#8243; overlay_alpha=&#8221;100&#8243; gutter_size=&#8221;100&#8243; column_width_percent=&#8221;100&#8243; shift_y=&#8221;0&#8243; z_index=&#8221;0&#8243; style=&#8221;inherited&#8221;][vc_column column_width_percent=&#8221;100&#8243; align_horizontal=&#8221;align_center&#8221; gutter_size=&#8221;3&#8243; style=&#8221;light&#8221; overlay_alpha=&#8221;50&#8243; shift_x=&#8221;0&#8243; shift_y=&#8221;0&#8243; z_index=&#8221;0&#8243; medium_width=&#8221;0&#8243; zoom_width=&#8221;0&#8243; zoom_height=&#8221;0&#8243; width=&#8221;1\/1&#8243;][uncode_slider slider_interval=&#8221;5000&#8243; slider_navspeed=&#8221;1000&#8243;][vc_row_inner row_inner_height_percent=&#8221;0&#8243; overlay_color=&#8221;color-gyho&#8221; overlay_alpha=&#8221;50&#8243; gutter_size=&#8221;4&#8243; shift_y=&#8221;0&#8243;][vc_column_inner width=&#8221;1\/2&#8243;][vc_single_image media=&#8221;1762&#8243; media_width_percent=&#8221;100&#8243; uncode_shortcode_id=&#8221;808221&#8243;][\/vc_column_inner][vc_column_inner width=&#8221;1\/2&#8243;][vc_custom_heading text_color=&#8221;accent&#8221; heading_semantic=&#8221;h1&#8243; text_size=&#8221;h3&#8243; text_transform=&#8221;uppercase&#8221; uncode_shortcode_id=&#8221;137524&#8243; text_color_type=&#8221;uncode-palette&#8221;]Alert: Ny afg\u00f8relse af EU-Domstolen i Emissionsskandalen[\/vc_custom_heading][vc_column_text text_lead=&#8221;yes&#8221; uncode_shortcode_id=&#8221;209867&#8243;]<\/p>\n<p class=\"reader-text-block__paragraph\"><strong><span class=\"tvm__text--legacy-publishing-emphasis\">Bilindustrien er truet af en ny stor b\u00f8lge af retssager.<\/span><\/strong><\/p>\n<p class=\"reader-text-block__paragraph\">I dag, den 21. marts 2023 traf EU-Domstolen en historisk afg\u00f8relse, der kan have store konsekvenser for bilproducenter og deres kunder. Afg\u00f8relsen fastsl\u00e5r, at bilproducenterne i emissionsskandalen kan holdes ansvarlige og at kunderne kan kr\u00e6ve erstatning for de skader, de har lidt.<\/p>\n<p class=\"reader-text-block__paragraph\">Emissionsskandalen blev afsl\u00f8ret tilbage i 2015, da det blev opdaget, at flere bilproducenter havde installeret snyde-software i deres dieselbiler for at undg\u00e5 at overholde milj\u00f8standarderne. Dette f\u00f8rte til, at bilernes reelle emissioner var langt h\u00f8jere end de officielle tal, og at kunderne blev snydt for en mere milj\u00f8venlig og \u00f8konomisk bil.<\/p>\n<p class=\"reader-text-block__paragraph\">Siden da har der v\u00e6ret en r\u00e6kke retssager og unders\u00f8gelser, der har efterforsket bilproducenternes rolle i emissionsskandalen. EU-Domstolen har nu taget et stort skridt fremad ved at afg\u00f8re, at bilproducenterne kan holdes ansvarlige for skader for\u00e5rsaget af deres handlinger. Dette betyder, at kunder, der har k\u00f8bt dieselbiler fra disse producenter, kan kr\u00e6ve erstatning for de \u00f8konomiske tab og skader, de har lidt som f\u00f8lge af emissionsskandalen.<\/p>\n<p class=\"reader-text-block__paragraph\"><strong><span class=\"tvm__text--legacy-publishing-emphasis\">Denne dom er baseret p\u00e5 f\u00f8lgende sag:<\/span><\/strong><\/p>\n<p class=\"reader-text-block__paragraph\">Ved landsretten i Ravensburg (Tyskland) har en privatperson anlagt en sag mod Mercedes-Benz-koncernen. Sagen tager sigte p\u00e5 erstatning for den skade, som Mercedes-Benz-koncernen angiveligt har forvoldt ved at udstyre sags\u00f8gerens dieselbil med en snyde-software. En s\u00e5dan manipulationssoftware, som medf\u00f8rer h\u00f8jere emissioner af nitrogenoxider (NOx), er her efter Forordning nr. 715\/2007 ulovligt.<\/p>\n<p class=\"reader-text-block__paragraph\">I tysk ret kan der i tilf\u00e6lde af simpel uagtsomhed rejses erstatningskrav, hvis en lov, der har til form\u00e5l at beskytte en anden person, er blevet overtr\u00e5dt. Den tyske domstol har bedt EU-Domstolen tage stilling til sp\u00f8rgsm\u00e5let, om de relevante bestemmelser i EU-ret skal fortolkes s\u00e5ledes, at de beskytter de individuelle interesser, som en individuel k\u00f8ber af et s\u00e5dant k\u00f8ret\u00f8j har. Den h\u00f8jeste domstol i Tyskland har indtil videre afvist ansvar for uagtsomhed. EU-Domstolen har med den afg\u00f8relse fra i dag nu fastsl\u00e5et, at bilproducenter ogs\u00e5 er ansvarlige for uagtsomhed.<\/p>\n<p class=\"reader-text-block__paragraph\">Afg\u00f8relsen er en vigtig milep\u00e6l i kampen for st\u00f8rre ansvarlighed hos bilproducenter og mere forbrugerbeskyttelse.<\/p>\n<p class=\"reader-text-block__paragraph\">For kunderne betyder afg\u00f8relsen, at der er f\u00e6rre forhindringer for at rejse erstatningskrav mod bilproducenter. Det giver dem en st\u00e6rkere position i forhold til at f\u00e5 den retf\u00e6rdighed, de fortjener, og kan f\u00f8re til, at flere sager vil blive rejst mod bilproducenterne i fremtiden.<\/p>\n<p class=\"reader-text-block__paragraph\">Det er dog stadig uklart, hvordan bilproducenterne vil reagere p\u00e5 denne afg\u00f8relse, og hvor stor en indflydelse den vil have p\u00e5 deres virksomheder og deres kunder. Der kan ogs\u00e5 v\u00e6re udfordringer med at fastsl\u00e5 den pr\u00e6cise skade, der er for\u00e5rsaget af emissionsskandalen i det enkelte tilf\u00e6lde, og hvordan den skal kompenseres.<\/p>\n<p class=\"reader-text-block__paragraph\">Det er ogs\u00e5 uvist, hvordan de tyske domstole og andre domstole i EU vil behandle denne afg\u00f8relse og anvende den i forbindelse med national lovgivning.<\/p>\n<p class=\"reader-text-block__paragraph\">Ikke desto mindre er denne afg\u00f8relse en vigtig sejr for forbrugerne. Den sender et klart signal om, at bilproducenter skal tage ansvar for deres handlinger, og at de ikke kan undg\u00e5 konsekvenserne.<\/p>\n<p class=\"reader-text-block__paragraph\"><strong>Vi holder \u00f8je med den seneste udvikling i retspraksis og hj\u00e6lper vores klienter med opdateret og specialiseret viden.<\/strong><\/p>\n<p class=\"reader-text-block__paragraph\">Hvis du har sp\u00f8rgsm\u00e5l i den forbindelse, er du altid velkommen til at kontakte os.<\/p>\n<p class=\"reader-text-block__paragraph\"><a href=\"https:\/\/www.linkedin.com\/feed\/hashtag\/pmadvokatfirma\">#pmadvokatfirma<\/a><\/p>\n<p class=\"reader-text-block__paragraph\">&#8220;Vi svarer p\u00e5 sp\u00f8rgsm\u00e5l, som du endnu ikke har t\u00e6nkt p\u00e5.<\/p>\n<p>[\/vc_column_text][\/vc_column_inner][\/vc_row_inner][\/uncode_slider][\/vc_column][\/vc_row]<\/p>\n<\/div>","protected":false},"excerpt":{"rendered":"<p>[vc_row row_height_percent=&#8221;0&#8243; override_padding=&#8221;yes&#8221; h_padding=&#8221;2&#8243; top_padding=&#8221;5&#8243; bottom_padding=&#8221;5&#8243; overlay_alpha=&#8221;100&#8243; gutter_size=&#8221;100&#8243; column_width_percent=&#8221;100&#8243; shift_y=&#8221;0&#8243; z_index=&#8221;0&#8243; style=&#8221;inherited&#8221;][vc_column column_width_percent=&#8221;100&#8243; align_horizontal=&#8221;align_center&#8221; gutter_size=&#8221;3&#8243; style=&#8221;light&#8221; overlay_alpha=&#8221;50&#8243; shift_x=&#8221;0&#8243; shift_y=&#8221;0&#8243; z_index=&#8221;0&#8243; [&hellip;]<\/p>\n","protected":false},"author":1,"featured_media":1762,"comment_status":"open","ping_status":"open","sticky":false,"template":"","format":"standard","meta":{"footnotes":""},"categories":[19],"tags":[],"class_list":["post-1761","post","type-post","status-publish","format-standard","has-post-thumbnail","hentry","category-uncategorized-da"],"_links":{"self":[{"href":"https:\/\/pm-advokatfirma.dk\/da\/wp-json\/wp\/v2\/posts\/1761"}],"collection":[{"href":"https:\/\/pm-advokatfirma.dk\/da\/wp-json\/wp\/v2\/posts"}],"about":[{"href":"https:\/\/pm-advokatfirma.dk\/da\/wp-json\/wp\/v2\/types\/post"}],"author":[{"embeddable":true,"href":"https:\/\/pm-advokatfirma.dk\/da\/wp-json\/wp\/v2\/users\/1"}],"replies":[{"embeddable":true,"href":"https:\/\/pm-advokatfirma.dk\/da\/wp-json\/wp\/v2\/comments?post=1761"}],"version-history":[{"count":2,"href":"https:\/\/pm-advokatfirma.dk\/da\/wp-json\/wp\/v2\/posts\/1761\/revisions"}],"predecessor-version":[{"id":1766,"href":"https:\/\/pm-advokatfirma.dk\/da\/wp-json\/wp\/v2\/posts\/1761\/revisions\/1766"}],"wp:featuredmedia":[{"embeddable":true,"href":"https:\/\/pm-advokatfirma.dk\/da\/wp-json\/wp\/v2\/media\/1762"}],"wp:attachment":[{"href":"https:\/\/pm-advokatfirma.dk\/da\/wp-json\/wp\/v2\/media?parent=1761"}],"wp:term":[{"taxonomy":"category","embeddable":true,"href":"https:\/\/pm-advokatfirma.dk\/da\/wp-json\/wp\/v2\/categories?post=1761"},{"taxonomy":"post_tag","embeddable":true,"href":"https:\/\/pm-advokatfirma.dk\/da\/wp-json\/wp\/v2\/tags?post=1761"}],"curies":[{"name":"wp","href":"https:\/\/api.w.org\/{rel}","templated":true}]}}